{"id":5994,"date":"2023-06-29T08:12:23","date_gmt":"2023-06-29T06:12:23","guid":{"rendered":"https:\/\/domzalezamlade.si\/?p=5994"},"modified":"2023-06-29T08:52:03","modified_gmt":"2023-06-29T06:52:03","slug":"sooblikuj-strategijo-za-mlade-v-obcini-domzale","status":"publish","type":"post","link":"https:\/\/salonupload.com\/dzm\/novica\/sooblikuj-strategijo-za-mlade-v-obcini-domzale\/","title":{"rendered":"Sooblikuj strategijo za mlade v ob\u010dini Dom\u017eale!"},"content":{"rendered":"\t\t<div data-elementor-type=\"wp-post\" data-elementor-id=\"5994\" class=\"elementor elementor-5994\">\n\t\t\t\t\t\t<section class=\"elementor-section elementor-top-section elementor-element elementor-element-6f2db2f7 elementor-section-boxed elementor-section-height-default elementor-section-height-default\" data-id=\"6f2db2f7\" data-element_type=\"section\" data-e-type=\"section\" data-settings=\"{&quot;jet_parallax_layout_list&quot;:[]}\">\n\t\t\t\t\t\t<div class=\"elementor-container elementor-column-gap-default\">\n\t\t\t\t\t<div class=\"elementor-column elementor-col-100 elementor-top-column elementor-element elementor-element-48d55ca3\" data-id=\"48d55ca3\" data-element_type=\"column\" data-e-type=\"column\">\n\t\t\t<div class=\"elementor-widget-wrap elementor-element-populated\">\n\t\t\t\t\t\t<div class=\"elementor-element elementor-element-2b7442 elementor-widget elementor-widget-text-editor\" data-id=\"2b7442\" data-element_type=\"widget\" data-e-type=\"widget\" data-widget_type=\"text-editor.default\">\n\t\t\t\t<div class=\"elementor-widget-container\">\n\t\t\t\t\t\t\t\t\t<p><strong>Komisija za mladinska vpra\u0161anja vabi mlade, med 15. in 29. letom, da izpolnijo anketo in s tem pomagajo pri oblikovanju nove strategije za mlade.<\/strong><\/p><p>V Dom\u017ealah se oblikuje nova strategija za mlade 2024-2029, ki jo pripravlja komisija za mladinska vpra\u0161anja. V ta namen, so pripravili anketo, saj \u017eelijo s strani mladih dobiti predstavo o \u017eivljenju mladih v ob\u010dini Dom\u017eale. Zanimajo jih razli\u010dna podro\u010dja povezovanja in delovanja mladih v ob\u010dini Dom\u017eale \u2013 od pre\u017eivljanja prostega \u010dasa, do nastanitve in izobra\u017eevalnih procesov ter vklju\u010devanja mladih v lokalne odlo\u010devalske procese.<\/p><p>Z anketnim vpra\u0161alnikom \u017eelijo izvedeti, kako mladi ocenjujete obstoje\u010de ukrepe v okviru mladinske politike v ob\u010dini Dom\u017eale ter kak\u0161ne so va\u0161e potrebe oziroma \u017eelje v bodo\u010de.<\/p>\t\t\t\t\t\t\t\t<\/div>\n\t\t\t\t<\/div>\n\t\t\t\t<div class=\"elementor-element elementor-element-4c05743 elementor-widget elementor-widget-raven-button\" data-id=\"4c05743\" data-element_type=\"widget\" data-e-type=\"widget\" data-settings=\"{&quot;turn_to_popup_action_button&quot;:&quot;no&quot;}\" data-widget_type=\"raven-button.default\">\n\t\t\t\t<div class=\"elementor-widget-container\">\n\t\t\t\t\t\t\t<div class=\"raven-widget-wrapper\">\n\t\t\t<a class=\"raven-button raven-button-widget-normal-effect-none  raven-button-text-align-center raven-button-link elementor-animation-none\" href=\"https:\/\/www.1ka.si\/a\/f548f819\" target=\"_blank\">\t\t\t\t<div class=\"raven-button-overlay\" ><\/div>\n\t\t\t\t<span class=\"raven-button-content\">\n\t\t\t\t\t\n\t\t\t\t\t<div class=\"button-text-container\">\n\t\t\t\t\t\t\t\t\t\t\t\t<div class=\"raven-button-texts-wrapper\">\n\t\t\t\t\t\t\t<div class=\"button-text\">\n\t\t\t\t\t\t\t\t<span class=\"raven-button-text\">\n\t\t\t\t\t\t\t\t\tPovezava do ankete\t\t\t\t\t\t\t\t<\/span>\n\t\t\t\t\t\t\t<\/div>\n\t\t\t\t\t\t\t\t\t\t\t\t\t<\/div>\n\t\t\t\t\t\t\t\t\t\t\t<\/div>\n\t\t\t\t\t\n\t\t\t\t\t\t\t\t\t<\/span>\n\t\t\t<\/a>\t\t<\/div>\n\t\t\t\t\t\t<\/div>\n\t\t\t\t<\/div>\n\t\t\t\t<div class=\"elementor-element elementor-element-1f6cf64 elementor-widget elementor-widget-text-editor\" data-id=\"1f6cf64\" data-element_type=\"widget\" data-e-type=\"widget\" data-widget_type=\"text-editor.default\">\n\t\t\t\t<div class=\"elementor-widget-container\">\n\t\t\t\t\t\t\t\t\t<p>\u010ce \u017eeli\u0161 izvedeti ve\u010d informacij o komisiji za mladinska vpra\u0161anja, klikni <a href=\"https:\/\/salonupload.com\/dzm\/mladinska-sfera\/komisija-za-mladinska-vprasanja\/\" target=\"_blank\" rel=\"noopener\"><span style=\"color: #008080;\"><strong>TUKAJ<\/strong><\/span><\/a>.<\/p>\t\t\t\t\t\t\t\t<\/div>\n\t\t\t\t<\/div>\n\t\t\t\t<div class=\"elementor-element elementor-element-6720bb8 elementor-widget elementor-widget-text-editor\" data-id=\"6720bb8\" data-element_type=\"widget\" data-e-type=\"widget\" data-widget_type=\"text-editor.default\">\n\t\t\t\t<div class=\"elementor-widget-container\">\n\t\t\t\t\t\t\t\t\t<p><em>Vir; Komisija za mladinska vpra\u0161anja<\/em><\/p>\t\t\t\t\t\t\t\t<\/div>\n\t\t\t\t<\/div>\n\t\t\t\t\t<\/div>\n\t\t<\/div>\n\t\t\t\t\t<\/div>\n\t\t<\/section>\n\t\t\t\t<\/div>\n\t\t","protected":false},"excerpt":{"rendered":"<p>Komisija za mladinska vpra\u0161anja vabi mlade, med 15. in 29. letom, da izpolnijo anketo in s tem pomagajo pri oblikovanju nove strategije za mlade. V Dom\u017ealah se oblikuje nova strategija za mlade 2024-2029, ki jo pripravlja komisija za mladinska vpra\u0161anja. V ta namen, so pripravili anketo, saj \u017eelijo s strani mladih dobiti predstavo o \u017eivljenju [&hellip;]<\/p>\n","protected":false},"author":5,"featured_media":6006,"comment_status":"closed","ping_status":"closed","sticky":true,"template":"","format":"standard","meta":{"_acf_changed":false,"_monsterinsights_skip_tracking":false,"_monsterinsights_sitenote_active":false,"_monsterinsights_sitenote_note":"","_monsterinsights_sitenote_category":0,"footnotes":""},"categories":[676,1],"tags":[],"class_list":["post-5994","post","type-post","status-publish","format-standard","has-post-thumbnail","hentry","category-mladinska-sfera","category-novice"],"acf":[],"_links":{"self":[{"href":"https:\/\/salonupload.com\/dzm\/wp-json\/wp\/v2\/posts\/5994","targetHints":{"allow":["GET"]}}],"collection":[{"href":"https:\/\/salonupload.com\/dzm\/wp-json\/wp\/v2\/posts"}],"about":[{"href":"https:\/\/salonupload.com\/dzm\/wp-json\/wp\/v2\/types\/post"}],"author":[{"embeddable":true,"href":"https:\/\/salonupload.com\/dzm\/wp-json\/wp\/v2\/users\/5"}],"replies":[{"embeddable":true,"href":"https:\/\/salonupload.com\/dzm\/wp-json\/wp\/v2\/comments?post=5994"}],"version-history":[{"count":12,"href":"https:\/\/salonupload.com\/dzm\/wp-json\/wp\/v2\/posts\/5994\/revisions"}],"predecessor-version":[{"id":6039,"href":"https:\/\/salonupload.com\/dzm\/wp-json\/wp\/v2\/posts\/5994\/revisions\/6039"}],"wp:featuredmedia":[{"embeddable":true,"href":"https:\/\/salonupload.com\/dzm\/wp-json\/wp\/v2\/media\/6006"}],"wp:attachment":[{"href":"https:\/\/salonupload.com\/dzm\/wp-json\/wp\/v2\/media?parent=5994"}],"wp:term":[{"taxonomy":"category","embeddable":true,"href":"https:\/\/salonupload.com\/dzm\/wp-json\/wp\/v2\/categories?post=5994"},{"taxonomy":"post_tag","embeddable":true,"href":"https:\/\/salonupload.com\/dzm\/wp-json\/wp\/v2\/tags?post=5994"}],"curies":[{"name":"wp","href":"https:\/\/api.w.org\/{rel}","templated":true}]}}