{"id":6139,"date":"2023-07-11T12:45:17","date_gmt":"2023-07-11T10:45:17","guid":{"rendered":"https:\/\/domzalezamlade.si\/?p=6139"},"modified":"2023-07-11T12:49:21","modified_gmt":"2023-07-11T10:49:21","slug":"poletna-sola-za-dijake-2","status":"publish","type":"post","link":"https:\/\/salonupload.com\/dzm\/novica\/poletna-sola-za-dijake-2\/","title":{"rendered":"Poletna \u0161ola za dijake"},"content":{"rendered":"<p>Univerza v Ljubljani organizira Poletno \u0161olo za dijakinje in dijake, ki bo potekala med ponedeljkom, 28. 8. 2023 in \u010detrtkom, 31. 8. 2023, v prostorih rektorata UL, na Kongresnem trgu v Ljubljani.<\/p>\n<p>Dijakinje in dijaki se lahko udele\u017eite ve\u010d dejavnosti in predstavitev:<\/p>\n<ul>\n<li>\u010clanice (fakultete in akademije) Univerze v Ljubljani se bodo na rektoratu UL predstavljale vse dni Poletne \u0161ole.<\/li>\n<li>Osebno svetovanje za dijake in star\u0161e\/skrbnike<\/li>\n<li>Mo\u017enost izra\u010duna pri\u010dakovanih dose\u017eenih to\u010dk<\/li>\n<li>Torek, 29. 8. 2023: Univerza v Ljubljani \u2013 moja karierna izbira<\/li>\n<li>Sreda, 30. 8. 2023: \u0160tudent, \u0161tudentka bom:<\/li>\n<li>\u010cetrtek, 31. 8. 2023: Delavnica Razi\u0161\u010di svoje interese \u2013 Hollandov vpra\u0161alnik interesov.<\/li>\n<\/ul>\n<p>Ve\u010d informacij in prijave najde\u0161\u00a0<span style=\"color: #008080;\"><a style=\"color: #008080;\" href=\"https:\/\/kc.uni-lj.si\/sl\/aktualno\/hitre-novice\/2023070412335101\/univerza-v-ljubljani-organizira-poletno-solo-za-dijake\" target=\"_blank\" rel=\"noopener\"><strong>TUKAJ<\/strong><\/a><\/span>.<\/p>\n<p>&nbsp;<\/p>\n<p><em>Vir: Karierni centru UL<\/em><\/p>\n","protected":false},"excerpt":{"rendered":"<p>Univerza v Ljubljani organizira Poletno \u0161olo za dijakinje in dijake, ki bo potekala med ponedeljkom, 28. 8. 2023 in \u010detrtkom, 31. 8. 2023, v prostorih rektorata UL, na Kongresnem trgu v Ljubljani. Dijakinje in dijaki se lahko udele\u017eite ve\u010d dejavnosti in predstavitev: \u010clanice (fakultete in akademije) Univerze v Ljubljani se bodo na rektoratu UL predstavljale [&hellip;]<\/p>\n","protected":false},"author":5,"featured_media":6136,"comment_status":"closed","ping_status":"closed","sticky":false,"template":"","format":"standard","meta":{"_acf_changed":false,"_monsterinsights_skip_tracking":false,"_monsterinsights_sitenote_active":false,"_monsterinsights_sitenote_note":"","_monsterinsights_sitenote_category":0,"footnotes":""},"categories":[605,28,1],"tags":[],"class_list":["post-6139","post","type-post","status-publish","format-standard","has-post-thumbnail","hentry","category-dogaja","category-izobrazevanje","category-novice"],"acf":[],"_links":{"self":[{"href":"https:\/\/salonupload.com\/dzm\/wp-json\/wp\/v2\/posts\/6139","targetHints":{"allow":["GET"]}}],"collection":[{"href":"https:\/\/salonupload.com\/dzm\/wp-json\/wp\/v2\/posts"}],"about":[{"href":"https:\/\/salonupload.com\/dzm\/wp-json\/wp\/v2\/types\/post"}],"author":[{"embeddable":true,"href":"https:\/\/salonupload.com\/dzm\/wp-json\/wp\/v2\/users\/5"}],"replies":[{"embeddable":true,"href":"https:\/\/salonupload.com\/dzm\/wp-json\/wp\/v2\/comments?post=6139"}],"version-history":[{"count":1,"href":"https:\/\/salonupload.com\/dzm\/wp-json\/wp\/v2\/posts\/6139\/revisions"}],"predecessor-version":[{"id":6140,"href":"https:\/\/salonupload.com\/dzm\/wp-json\/wp\/v2\/posts\/6139\/revisions\/6140"}],"wp:featuredmedia":[{"embeddable":true,"href":"https:\/\/salonupload.com\/dzm\/wp-json\/wp\/v2\/media\/6136"}],"wp:attachment":[{"href":"https:\/\/salonupload.com\/dzm\/wp-json\/wp\/v2\/media?parent=6139"}],"wp:term":[{"taxonomy":"category","embeddable":true,"href":"https:\/\/salonupload.com\/dzm\/wp-json\/wp\/v2\/categories?post=6139"},{"taxonomy":"post_tag","embeddable":true,"href":"https:\/\/salonupload.com\/dzm\/wp-json\/wp\/v2\/tags?post=6139"}],"curies":[{"name":"wp","href":"https:\/\/api.w.org\/{rel}","templated":true}]}}