{"id":6151,"date":"2023-07-13T15:56:35","date_gmt":"2023-07-13T13:56:35","guid":{"rendered":"https:\/\/domzalezamlade.si\/?p=6151"},"modified":"2023-07-14T08:15:30","modified_gmt":"2023-07-14T06:15:30","slug":"nagradni-foto-natecaj-znamenje-casa","status":"publish","type":"post","link":"https:\/\/salonupload.com\/dzm\/novica\/nagradni-foto-natecaj-znamenje-casa\/","title":{"rendered":"Nagradni foto nate\u010daj &#8211; Znamenje \u010dasa"},"content":{"rendered":"<p>Sodeluj znotraj fotografskega nate\u010daja, ki poteka v okviru mednarodnega projekta <strong>PhotoKICK!<\/strong><\/p>\n<p>V okviru projekta PhotoKick, Zdru\u017eenje EPEKA soorganizira mednarodni fotografski nate\u010daj z naslovom Znamenje \u010dasa, ki je namenjen dokumentarni fotografiji. Upravi\u010dene dr\u017eava za sodelovanje so partnerske dr\u017eave v projektu: \u0160panija, Latvija, Litva, Mad\u017earska in Slovenija. Vabljeni k sodelovanju so vsi, ki \u017eelijo sodelovati.<\/p>\n<p>Na nate\u010daj se lahko prijavite z najve\u010d tremi posameznimi fotografijami, <strong>nate\u010daj se zaklju\u010di 15. 7. 2023. <\/strong>Nato se zbere mednarodna \u017eirija strokovnjakov in izbere najbolj\u0161e fotografije, \u010demur sledi fotografska razstava v Kuldigi, Latvij, ki bo odprta a od 15. septembra do 15. oktobra 2023. Med 15. in 30. septembrom 2023 \u00a0bo potekala delavnica fotografije za pozabljence oz. dobitnike nagrad za najbolj\u0161o dokumentarno fotografijo v Latviji. Fotografije bodo razstavljene \u0161e v virtualni galeriji.<\/p>\n<p>Ve\u010d informacij in prijave najde\u0161 <a href=\"https:\/\/epeka.si\/znamenje-casa-fotografski-natecaj\/\" target=\"_blank\" rel=\"noopener\"><span style=\"color: #008080;\"><strong>TUKAJ<\/strong><\/span><\/a>. <em>Projekt je financiran s strani Evropske komisije programa Erasmus+.\u00a0<\/em><\/p>\n<p><strong>Kaj pa nagrade?<\/strong><br \/>\n1. mesto: fotoaparat <strong>Sony ZV-1 + Sony GP-VPT2BT<\/strong><br \/>\n2. mesto: prenosni zvo\u010dnik <strong>Sony SRS-XE300<\/strong>\u00a0(modra)<br \/>\n3. mesto: brez\u017ei\u010dne slu\u0161alke Sony WF-C700N (\u010drna)<\/p>\n<p>&nbsp;<\/p>\n<p><em>Vir: Zdru\u017eenje EPEKA<\/em><\/p>\n","protected":false},"excerpt":{"rendered":"<p>Sodeluj znotraj fotografskega nate\u010daja, ki poteka v okviru mednarodnega projekta PhotoKICK! V okviru projekta PhotoKick, Zdru\u017eenje EPEKA soorganizira mednarodni fotografski nate\u010daj z naslovom Znamenje \u010dasa, ki je namenjen dokumentarni fotografiji. Upravi\u010dene dr\u017eava za sodelovanje so partnerske dr\u017eave v projektu: \u0160panija, Latvija, Litva, Mad\u017earska in Slovenija. Vabljeni k sodelovanju so vsi, ki \u017eelijo sodelovati. Na nate\u010daj [&hellip;]<\/p>\n","protected":false},"author":5,"featured_media":6152,"comment_status":"closed","ping_status":"closed","sticky":false,"template":"","format":"standard","meta":{"_acf_changed":false,"_monsterinsights_skip_tracking":false,"_monsterinsights_sitenote_active":false,"_monsterinsights_sitenote_note":"","_monsterinsights_sitenote_category":0,"footnotes":""},"categories":[1,650],"tags":[],"class_list":["post-6151","post","type-post","status-publish","format-standard","has-post-thumbnail","hentry","category-novice","category-razpisi-natecaji"],"acf":[],"_links":{"self":[{"href":"https:\/\/salonupload.com\/dzm\/wp-json\/wp\/v2\/posts\/6151","targetHints":{"allow":["GET"]}}],"collection":[{"href":"https:\/\/salonupload.com\/dzm\/wp-json\/wp\/v2\/posts"}],"about":[{"href":"https:\/\/salonupload.com\/dzm\/wp-json\/wp\/v2\/types\/post"}],"author":[{"embeddable":true,"href":"https:\/\/salonupload.com\/dzm\/wp-json\/wp\/v2\/users\/5"}],"replies":[{"embeddable":true,"href":"https:\/\/salonupload.com\/dzm\/wp-json\/wp\/v2\/comments?post=6151"}],"version-history":[{"count":4,"href":"https:\/\/salonupload.com\/dzm\/wp-json\/wp\/v2\/posts\/6151\/revisions"}],"predecessor-version":[{"id":6156,"href":"https:\/\/salonupload.com\/dzm\/wp-json\/wp\/v2\/posts\/6151\/revisions\/6156"}],"wp:featuredmedia":[{"embeddable":true,"href":"https:\/\/salonupload.com\/dzm\/wp-json\/wp\/v2\/media\/6152"}],"wp:attachment":[{"href":"https:\/\/salonupload.com\/dzm\/wp-json\/wp\/v2\/media?parent=6151"}],"wp:term":[{"taxonomy":"category","embeddable":true,"href":"https:\/\/salonupload.com\/dzm\/wp-json\/wp\/v2\/categories?post=6151"},{"taxonomy":"post_tag","embeddable":true,"href":"https:\/\/salonupload.com\/dzm\/wp-json\/wp\/v2\/tags?post=6151"}],"curies":[{"name":"wp","href":"https:\/\/api.w.org\/{rel}","templated":true}]}}