{"id":6159,"date":"2023-07-17T11:49:19","date_gmt":"2023-07-17T09:49:19","guid":{"rendered":"https:\/\/domzalezamlade.si\/?p=6159"},"modified":"2023-07-17T15:34:23","modified_gmt":"2023-07-17T13:34:23","slug":"olimpijski-festival-evropske-mladine-v-mariboru","status":"publish","type":"post","link":"https:\/\/salonupload.com\/dzm\/novica\/olimpijski-festival-evropske-mladine-v-mariboru\/","title":{"rendered":"Olimpijski festival evropske mladine v Mariboru!"},"content":{"rendered":"<p><strong>Maribor bo med 23. in 29. julijem 2023 za\u017eivel v \u0161portnem duhu Olimpijskega festivala evropske mladine.<\/strong><\/p>\n<p>Olimpijski festival evropske mladine (OFEM) je z ve\u010d kot 30-letno tradicijo\u00a0najve\u010dji ve\u010dpano\u017eni \u0161portni dogodek za mlade \u0161portnike med 14. in 18. letom.<\/p>\n<p>V sklopu OFEM bo na 13 prizori\u0161\u010dih v mestu in okolici na sporedu skupno\u00a0123 tekem v 11 panogah, na katerih se bodo najbolj\u0161i mladi \u0161portniki\u00a0iz 48 dr\u017eav\u00a0evropskega kontinenta potegovali za kar\u00a0742 odli\u010dij. Od 11 panog bodo tri \u0161portne panoge prvi\u010d na tekmovalnem sporedu Olimpijskega festivala evropske mladine. To so\u00a0gorsko kolesarstvo, ko\u0161arka 3 na 3\u00a0in\u00a0rolkanje. #TeamSlovenia bo imela na OFEM predstavnike v vseh panogah in bo tako \u0161tela najve\u010d \u010dlanov do sedaj.\u00a0Ti se bodo \u0161ir\u0161i javnosti uradno predstavili dva dni pred za\u010detkom Festivala, in sicer na\u00a0Predstavitvi reprezentance, ki bo potekala na\u00a0Trgu svobode v Mariboru v petek, 21. junija ob 20 uri.<\/p>\n<p>Ve\u010d o \u0161portnih panogah, v katerih bodo tekmovali mladi \u0161portniki, prizori\u0161\u010dih in festivalom samem najde\u0161 <a href=\"https:\/\/ofemmb2023.olympic.si\/\" target=\"_blank\" rel=\"noopener\"><span style=\"color: #008080;\"><strong>TUKAJ<\/strong><\/span><\/a>.<\/p>\n<p>Organizatorji vabijo tudi prostovoljce. Njihov cilj je izbrati zagnano in motivirano ekipo prostovoljcev\u00a0ter jim zagotoviti enkratno in\u00a0nepozabno izku\u0161njo, na podlagi katere bi tudi v prihodnje spodbudila \u0161tevilne posameznike, da pomagajo pri organizaciji \u0161portnih dogodkov v Sloveniji. Ve\u010d informacij najde\u0161 <a href=\"https:\/\/eyof-maribor.com\/kako-postati-prostovoljec\/\" target=\"_blank\" rel=\"noopener\"><strong>TUKAJ<\/strong><\/a>.<\/p>\n<p>&nbsp;<\/p>\n<p><em>Vir: Mlad.si in OFEM 2023<\/em><\/p>\n","protected":false},"excerpt":{"rendered":"<p>Maribor bo med 23. in 29. julijem 2023 za\u017eivel v \u0161portnem duhu Olimpijskega festivala evropske mladine. Olimpijski festival evropske mladine (OFEM) je z ve\u010d kot 30-letno tradicijo\u00a0najve\u010dji ve\u010dpano\u017eni \u0161portni dogodek za mlade \u0161portnike med 14. in 18. letom. V sklopu OFEM bo na 13 prizori\u0161\u010dih v mestu in okolici na sporedu skupno\u00a0123 tekem v 11 [&hellip;]<\/p>\n","protected":false},"author":5,"featured_media":6161,"comment_status":"closed","ping_status":"closed","sticky":false,"template":"","format":"standard","meta":{"_acf_changed":false,"_monsterinsights_skip_tracking":false,"_monsterinsights_sitenote_active":false,"_monsterinsights_sitenote_note":"","_monsterinsights_sitenote_category":0,"footnotes":""},"categories":[1],"tags":[],"class_list":["post-6159","post","type-post","status-publish","format-standard","has-post-thumbnail","hentry","category-novice"],"acf":[],"_links":{"self":[{"href":"https:\/\/salonupload.com\/dzm\/wp-json\/wp\/v2\/posts\/6159","targetHints":{"allow":["GET"]}}],"collection":[{"href":"https:\/\/salonupload.com\/dzm\/wp-json\/wp\/v2\/posts"}],"about":[{"href":"https:\/\/salonupload.com\/dzm\/wp-json\/wp\/v2\/types\/post"}],"author":[{"embeddable":true,"href":"https:\/\/salonupload.com\/dzm\/wp-json\/wp\/v2\/users\/5"}],"replies":[{"embeddable":true,"href":"https:\/\/salonupload.com\/dzm\/wp-json\/wp\/v2\/comments?post=6159"}],"version-history":[{"count":2,"href":"https:\/\/salonupload.com\/dzm\/wp-json\/wp\/v2\/posts\/6159\/revisions"}],"predecessor-version":[{"id":6163,"href":"https:\/\/salonupload.com\/dzm\/wp-json\/wp\/v2\/posts\/6159\/revisions\/6163"}],"wp:featuredmedia":[{"embeddable":true,"href":"https:\/\/salonupload.com\/dzm\/wp-json\/wp\/v2\/media\/6161"}],"wp:attachment":[{"href":"https:\/\/salonupload.com\/dzm\/wp-json\/wp\/v2\/media?parent=6159"}],"wp:term":[{"taxonomy":"category","embeddable":true,"href":"https:\/\/salonupload.com\/dzm\/wp-json\/wp\/v2\/categories?post=6159"},{"taxonomy":"post_tag","embeddable":true,"href":"https:\/\/salonupload.com\/dzm\/wp-json\/wp\/v2\/tags?post=6159"}],"curies":[{"name":"wp","href":"https:\/\/api.w.org\/{rel}","templated":true}]}}