{"id":6167,"date":"2023-07-18T14:09:11","date_gmt":"2023-07-18T12:09:11","guid":{"rendered":"https:\/\/domzalezamlade.si\/?p=6167"},"modified":"2023-07-18T14:09:11","modified_gmt":"2023-07-18T12:09:11","slug":"nacionalni-mesec-skupnega-branja","status":"publish","type":"post","link":"https:\/\/salonupload.com\/dzm\/novica\/nacionalni-mesec-skupnega-branja\/","title":{"rendered":"Nacionalni mesec skupnega branja"},"content":{"rendered":"<p><strong>Nacionalni mesec skupnega branja<\/strong> \u2013 NMSB 2023, ki ga organizirajo Bralno dru\u0161tvo Slovenije, Dru\u0161tvo Bralna zna\u010dka Slovenije \u2013 ZPMS, Dru\u0161tvo slovenskih pisateljev, Mariborska knji\u017enica, Mestna knji\u017enica Kranj in Mestna knji\u017enica Ljubljana, Slovenska sekcija IBBY, Zveza bibliotekarskih dru\u0161tev Slovenije, Zveza splo\u0161nih knji\u017enic Slovenije skupaj s partnerji in podporniki, bo potekal med <strong>8. septembrom<\/strong>\u00a0(mednarodni dan pismenosti) in\u00a0<strong>8. oktobrom<\/strong>\u00a0(do zaklju\u010dka Tedna otroka\u00ae).<\/p>\n<div class=\"et_pb_row et_pb_row_1\">\n<div class=\"et_pb_column et_pb_column_4_4 et_pb_column_2  et_pb_css_mix_blend_mode_passthrough et-last-child\">\n<div class=\"et_pb_module et_pb_text et_pb_text_2  et_pb_text_align_left et_pb_bg_layout_light\">\n<div class=\"et_pb_text_inner\">\n<p>V NMSB 2023 bomo posebno pozornost namenili promociji nacionalnih projektov za spodbujanje branja in bralne pismenosti v doma\u010dem in mednarodnem prostoru, branju strokovne in stvarne literature za vse starostne skupine in medgeneracijskemu branju.<\/p>\n<\/div>\n<p>Ve\u010d informacij najde\u0161 <a href=\"https:\/\/nmsb.pismen.si\/\" target=\"_blank\" rel=\"noopener\"><span style=\"color: #008080;\"><strong>TUKAJ<\/strong><\/span><\/a>.<\/p>\n<\/div>\n<\/div>\n<\/div>\n<div><\/div>\n<div><em>Vir: Nacionalni mesec skupnega branja<\/em><\/div>\n<div><em>Ilustracija:\u00a0Ivan Mitrevski<\/em><\/div>\n","protected":false},"excerpt":{"rendered":"<p>Nacionalni mesec skupnega branja \u2013 NMSB 2023, ki ga organizirajo Bralno dru\u0161tvo Slovenije, Dru\u0161tvo Bralna zna\u010dka Slovenije \u2013 ZPMS, Dru\u0161tvo slovenskih pisateljev, Mariborska knji\u017enica, Mestna knji\u017enica Kranj in Mestna knji\u017enica Ljubljana, Slovenska sekcija IBBY, Zveza bibliotekarskih dru\u0161tev Slovenije, Zveza splo\u0161nih knji\u017enic Slovenije skupaj s partnerji in podporniki, bo potekal med 8. septembrom\u00a0(mednarodni dan pismenosti) in\u00a08. [&hellip;]<\/p>\n","protected":false},"author":5,"featured_media":6168,"comment_status":"closed","ping_status":"closed","sticky":false,"template":"","format":"standard","meta":{"_acf_changed":false,"_monsterinsights_skip_tracking":false,"_monsterinsights_sitenote_active":false,"_monsterinsights_sitenote_note":"","_monsterinsights_sitenote_category":0,"footnotes":""},"categories":[605,1],"tags":[],"class_list":["post-6167","post","type-post","status-publish","format-standard","has-post-thumbnail","hentry","category-dogaja","category-novice"],"acf":[],"_links":{"self":[{"href":"https:\/\/salonupload.com\/dzm\/wp-json\/wp\/v2\/posts\/6167","targetHints":{"allow":["GET"]}}],"collection":[{"href":"https:\/\/salonupload.com\/dzm\/wp-json\/wp\/v2\/posts"}],"about":[{"href":"https:\/\/salonupload.com\/dzm\/wp-json\/wp\/v2\/types\/post"}],"author":[{"embeddable":true,"href":"https:\/\/salonupload.com\/dzm\/wp-json\/wp\/v2\/users\/5"}],"replies":[{"embeddable":true,"href":"https:\/\/salonupload.com\/dzm\/wp-json\/wp\/v2\/comments?post=6167"}],"version-history":[{"count":1,"href":"https:\/\/salonupload.com\/dzm\/wp-json\/wp\/v2\/posts\/6167\/revisions"}],"predecessor-version":[{"id":6169,"href":"https:\/\/salonupload.com\/dzm\/wp-json\/wp\/v2\/posts\/6167\/revisions\/6169"}],"wp:featuredmedia":[{"embeddable":true,"href":"https:\/\/salonupload.com\/dzm\/wp-json\/wp\/v2\/media\/6168"}],"wp:attachment":[{"href":"https:\/\/salonupload.com\/dzm\/wp-json\/wp\/v2\/media?parent=6167"}],"wp:term":[{"taxonomy":"category","embeddable":true,"href":"https:\/\/salonupload.com\/dzm\/wp-json\/wp\/v2\/categories?post=6167"},{"taxonomy":"post_tag","embeddable":true,"href":"https:\/\/salonupload.com\/dzm\/wp-json\/wp\/v2\/tags?post=6167"}],"curies":[{"name":"wp","href":"https:\/\/api.w.org\/{rel}","templated":true}]}}