{"id":6173,"date":"2023-07-19T11:13:34","date_gmt":"2023-07-19T09:13:34","guid":{"rendered":"https:\/\/domzalezamlade.si\/?p=6173"},"modified":"2023-07-19T11:13:50","modified_gmt":"2023-07-19T09:13:50","slug":"dusevno-zdravje-mladih-poziv-za-clane-delovne-skupine-mss","status":"publish","type":"post","link":"https:\/\/salonupload.com\/dzm\/novica\/dusevno-zdravje-mladih-poziv-za-clane-delovne-skupine-mss\/","title":{"rendered":"Du\u0161evno zdravje mladih \u2013 poziv za \u010dlane Delovne skupine MSS"},"content":{"rendered":"<p>V Mladinskem svetu Slovenije (v nadaljevanju: MSS) deluje delovna skupina (v nadaljevanju: DS) za du\u0161evno zdravje mladih. Gre za eno od podro\u010dnih delovnih skupin, ki deluje znotraj MSS. Vsako od skupin namre\u010d sestavljajo predstavniki mladinskih organizacij in mladi, ki se sre\u010dujejo na delovnih sestankih in izvajajo usklajene naloge razvoja ter vodenja priprave vsebinskih in strukturnih predlogov za zagovorni\u0161ke aktivnosti MSS.<\/p>\n<p>MSS bo julija letos imenoval nove \u010dlanice oz. \u010dlane v delovno skupino, zato vse, ki vas tovrstno delovanje zanima in ustrezate spodaj navedenim pogojem, vabijo k prijavi.<\/p>\n<p>Kandidat_ka za predstavnika oz. predstavnico mladih v DS mora biti na dan izteka tega poziva star_a vsaj 18 in manj kot 30 let.<\/p>\n<div class=\"_article--row\">\n<div class=\"_article--right\">\n<p><strong>Rok za prijavo je nedelja, 30. julija 2023.<\/strong><\/p>\n<\/div>\n<\/div>\n<p>Ve\u010d informacij najde\u0161 <a href=\"https:\/\/mss.si\/novice\/poziv-za-clane-delovne-skupine-mss-za-dusevno-zdravje-mladih\/?fbclid=IwAR37Mrhp_yZOVb5HT2wM1izU7Pg-G645MDvlM7E0mTzqt9hI-Yy_oNuKH18\" target=\"_blank\" rel=\"noopener\"><span style=\"color: #008080;\"><strong>TUKAJ<\/strong><\/span><\/a>.<\/p>\n<p>&nbsp;<\/p>\n<p><em>Vir: MSS<\/em><\/p>\n","protected":false},"excerpt":{"rendered":"<p>V Mladinskem svetu Slovenije (v nadaljevanju: MSS) deluje delovna skupina (v nadaljevanju: DS) za du\u0161evno zdravje mladih. Gre za eno od podro\u010dnih delovnih skupin, ki deluje znotraj MSS. Vsako od skupin namre\u010d sestavljajo predstavniki mladinskih organizacij in mladi, ki se sre\u010dujejo na delovnih sestankih in izvajajo usklajene naloge razvoja ter vodenja priprave vsebinskih in strukturnih [&hellip;]<\/p>\n","protected":false},"author":5,"featured_media":6174,"comment_status":"closed","ping_status":"closed","sticky":false,"template":"","format":"standard","meta":{"_acf_changed":false,"_monsterinsights_skip_tracking":false,"_monsterinsights_sitenote_active":false,"_monsterinsights_sitenote_note":"","_monsterinsights_sitenote_category":0,"footnotes":""},"categories":[1,650],"tags":[],"class_list":["post-6173","post","type-post","status-publish","format-standard","has-post-thumbnail","hentry","category-novice","category-razpisi-natecaji"],"acf":[],"_links":{"self":[{"href":"https:\/\/salonupload.com\/dzm\/wp-json\/wp\/v2\/posts\/6173","targetHints":{"allow":["GET"]}}],"collection":[{"href":"https:\/\/salonupload.com\/dzm\/wp-json\/wp\/v2\/posts"}],"about":[{"href":"https:\/\/salonupload.com\/dzm\/wp-json\/wp\/v2\/types\/post"}],"author":[{"embeddable":true,"href":"https:\/\/salonupload.com\/dzm\/wp-json\/wp\/v2\/users\/5"}],"replies":[{"embeddable":true,"href":"https:\/\/salonupload.com\/dzm\/wp-json\/wp\/v2\/comments?post=6173"}],"version-history":[{"count":2,"href":"https:\/\/salonupload.com\/dzm\/wp-json\/wp\/v2\/posts\/6173\/revisions"}],"predecessor-version":[{"id":6176,"href":"https:\/\/salonupload.com\/dzm\/wp-json\/wp\/v2\/posts\/6173\/revisions\/6176"}],"wp:featuredmedia":[{"embeddable":true,"href":"https:\/\/salonupload.com\/dzm\/wp-json\/wp\/v2\/media\/6174"}],"wp:attachment":[{"href":"https:\/\/salonupload.com\/dzm\/wp-json\/wp\/v2\/media?parent=6173"}],"wp:term":[{"taxonomy":"category","embeddable":true,"href":"https:\/\/salonupload.com\/dzm\/wp-json\/wp\/v2\/categories?post=6173"},{"taxonomy":"post_tag","embeddable":true,"href":"https:\/\/salonupload.com\/dzm\/wp-json\/wp\/v2\/tags?post=6173"}],"curies":[{"name":"wp","href":"https:\/\/api.w.org\/{rel}","templated":true}]}}