{"id":6188,"date":"2023-07-20T10:04:08","date_gmt":"2023-07-20T08:04:08","guid":{"rendered":"https:\/\/domzalezamlade.si\/?p=6188"},"modified":"2023-07-20T10:04:08","modified_gmt":"2023-07-20T08:04:08","slug":"trajnostni-razvoj-poziv-za-clane-delovne-skupine-mss","status":"publish","type":"post","link":"https:\/\/salonupload.com\/dzm\/novica\/trajnostni-razvoj-poziv-za-clane-delovne-skupine-mss\/","title":{"rendered":"Trajnostni razvoj \u2013 poziv za \u010dlane Delovne skupine MSS"},"content":{"rendered":"<p>V Mladinskem svetu Slovenije od leta 2021 deluje delovna skupina za trajnostni razvoj mladih in mladinskih organizacij, v kateri \u010dlanice in \u010dlani skrbijo za okoljski vidik trajnostnega razvoja mladinskih organizacij ter ozave\u0161\u010danje mladih o okoljski prihodnosti. MSS bo julija letos imenoval nove \u010dlanice oz. \u010dlane v delovno skupino, zato vse, ki vas tovrstno delovanje zanima in ustrezate\u00a0 pogojem, vabijo k prijavi.<\/p>\n<p>S svojim delovanjem skupina podpira mladinske organizacije v trajnostnih odlo\u010ditvah in i\u0161\u010de re\u0161itve na izzive mladinskih organizacij, s katerimi se sre\u010dujejo na podro\u010dju naslavljanja tematik trajnostnega razvoja.<\/p>\n<p>V skupino vabijo mlade posameznice in posameznike, predstavnike in \u010dlane mladinskih organizacij, ki si \u017eelijo biti aktivni na podro\u010dju okoljske problematike in bodo s svojim delovanjem delili svoje znanje ter izku\u0161nje pri razvijanju pobud, namenjenih mladinskim organizacijam in mladim.<\/p>\n<p>Ve\u010d informacije in pogoje najdete <a href=\"https:\/\/mss.si\/novice\/poziv-za-clane-delovne-skupine-mss-na-podrocju-trajnostnega-razvoja\/?fbclid=IwAR1bcCEToCEafYW-t0OUnlVz8PvRTGNCuzAAkx2zePdE_6nqv1IL1NJhh7U\" target=\"_blank\" rel=\"noopener\"><span style=\"color: #008080;\"><strong>TUKAJ<\/strong><\/span><\/a>.<\/p>\n<p><strong>Rok za prijavo\u00a0je nedelja, 30. julija 2023.<\/strong><\/p>\n<p>&nbsp;<\/p>\n<p><em>Vir: MSS<\/em><\/p>\n","protected":false},"excerpt":{"rendered":"<p>V Mladinskem svetu Slovenije od leta 2021 deluje delovna skupina za trajnostni razvoj mladih in mladinskih organizacij, v kateri \u010dlanice in \u010dlani skrbijo za okoljski vidik trajnostnega razvoja mladinskih organizacij ter ozave\u0161\u010danje mladih o okoljski prihodnosti. MSS bo julija letos imenoval nove \u010dlanice oz. \u010dlane v delovno skupino, zato vse, ki vas tovrstno delovanje zanima [&hellip;]<\/p>\n","protected":false},"author":5,"featured_media":6189,"comment_status":"closed","ping_status":"closed","sticky":false,"template":"","format":"standard","meta":{"_acf_changed":false,"_monsterinsights_skip_tracking":false,"_monsterinsights_sitenote_active":false,"_monsterinsights_sitenote_note":"","_monsterinsights_sitenote_category":0,"footnotes":""},"categories":[1,650],"tags":[],"class_list":["post-6188","post","type-post","status-publish","format-standard","has-post-thumbnail","hentry","category-novice","category-razpisi-natecaji"],"acf":[],"_links":{"self":[{"href":"https:\/\/salonupload.com\/dzm\/wp-json\/wp\/v2\/posts\/6188","targetHints":{"allow":["GET"]}}],"collection":[{"href":"https:\/\/salonupload.com\/dzm\/wp-json\/wp\/v2\/posts"}],"about":[{"href":"https:\/\/salonupload.com\/dzm\/wp-json\/wp\/v2\/types\/post"}],"author":[{"embeddable":true,"href":"https:\/\/salonupload.com\/dzm\/wp-json\/wp\/v2\/users\/5"}],"replies":[{"embeddable":true,"href":"https:\/\/salonupload.com\/dzm\/wp-json\/wp\/v2\/comments?post=6188"}],"version-history":[{"count":1,"href":"https:\/\/salonupload.com\/dzm\/wp-json\/wp\/v2\/posts\/6188\/revisions"}],"predecessor-version":[{"id":6190,"href":"https:\/\/salonupload.com\/dzm\/wp-json\/wp\/v2\/posts\/6188\/revisions\/6190"}],"wp:featuredmedia":[{"embeddable":true,"href":"https:\/\/salonupload.com\/dzm\/wp-json\/wp\/v2\/media\/6189"}],"wp:attachment":[{"href":"https:\/\/salonupload.com\/dzm\/wp-json\/wp\/v2\/media?parent=6188"}],"wp:term":[{"taxonomy":"category","embeddable":true,"href":"https:\/\/salonupload.com\/dzm\/wp-json\/wp\/v2\/categories?post=6188"},{"taxonomy":"post_tag","embeddable":true,"href":"https:\/\/salonupload.com\/dzm\/wp-json\/wp\/v2\/tags?post=6188"}],"curies":[{"name":"wp","href":"https:\/\/api.w.org\/{rel}","templated":true}]}}