{"id":6207,"date":"2023-07-20T13:03:26","date_gmt":"2023-07-20T11:03:26","guid":{"rendered":"https:\/\/domzalezamlade.si\/?p=6207"},"modified":"2023-07-20T13:03:26","modified_gmt":"2023-07-20T11:03:26","slug":"fotografski-natecaj-food-wave","status":"publish","type":"post","link":"https:\/\/salonupload.com\/dzm\/novica\/fotografski-natecaj-food-wave\/","title":{"rendered":"Fotografski nate\u010daj FOOD WAVE"},"content":{"rendered":"<p>Evropski projekt Food Wave, katerega partner je tudi Regionalna razvojna agencija za Podravje &#8211; Maribor, spodbuja mlade v starostni skupini od 18 do 35 let k razmi\u0161ljanju o trajnostni pridelavi, potro\u0161nji in nasploh odnosu do hrane. Pripravljajo fotografski nate\u010daj, katerega namen je spodbuditi mlade k razmi\u0161ljanju o <strong><em>odgovornem ravnanju s hrano<\/em><\/strong>, in sicer od pridelave do potro\u0161nje. Skozi fotografije, ki jih bodo ustvarili mladi, \u017eelijo po eni strani pogledati skozi o\u010di prihodnje generacije, po drugi strani pa njihove vrstnike ozave\u0161\u010dati na na\u010din, ki je mladim najbli\u017eji.<\/p>\n<p>Fotografski nate\u010daj je namenjen mladim \u00a0med 18. in 35 letom.<\/p>\n<p><strong><span style=\"font-size: 1.1rem;\">Rok za oddajo je 10. septembra 2023.\u00a0<\/span><\/strong><\/p>\n<p>Vse oddane fotografije bo ocenila strokovna komisija, ki bo izbrala najbolj\u0161ih 15-20, ki bodo razstavljene\u00a0<strong>v nakupovalnem sredi\u0161\u010du Europark<\/strong>, kjer se bo izvedlo tekmovanje z glasovanjem preko QR kode.<\/p>\n<p>Ve\u010d informacij najde\u0161 <a href=\"https:\/\/rra-podravje.si\/novice\/2023\/vabilo-sodeluj-na-fotografskem-natecaju-food-wave\" target=\"_blank\" rel=\"noopener\"><span style=\"color: #008080;\"><strong>TUKAJ<\/strong><\/span><\/a>.<\/p>\n<p>&nbsp;<\/p>\n<p><em>Vir: RRA Podravje<\/em><\/p>\n","protected":false},"excerpt":{"rendered":"<p>Evropski projekt Food Wave, katerega partner je tudi Regionalna razvojna agencija za Podravje &#8211; Maribor, spodbuja mlade v starostni skupini od 18 do 35 let k razmi\u0161ljanju o trajnostni pridelavi, potro\u0161nji in nasploh odnosu do hrane. Pripravljajo fotografski nate\u010daj, katerega namen je spodbuditi mlade k razmi\u0161ljanju o odgovornem ravnanju s hrano, in sicer od pridelave [&hellip;]<\/p>\n","protected":false},"author":5,"featured_media":6208,"comment_status":"closed","ping_status":"closed","sticky":false,"template":"","format":"standard","meta":{"_acf_changed":false,"_monsterinsights_skip_tracking":false,"_monsterinsights_sitenote_active":false,"_monsterinsights_sitenote_note":"","_monsterinsights_sitenote_category":0,"footnotes":""},"categories":[1,650],"tags":[],"class_list":["post-6207","post","type-post","status-publish","format-standard","has-post-thumbnail","hentry","category-novice","category-razpisi-natecaji"],"acf":[],"_links":{"self":[{"href":"https:\/\/salonupload.com\/dzm\/wp-json\/wp\/v2\/posts\/6207","targetHints":{"allow":["GET"]}}],"collection":[{"href":"https:\/\/salonupload.com\/dzm\/wp-json\/wp\/v2\/posts"}],"about":[{"href":"https:\/\/salonupload.com\/dzm\/wp-json\/wp\/v2\/types\/post"}],"author":[{"embeddable":true,"href":"https:\/\/salonupload.com\/dzm\/wp-json\/wp\/v2\/users\/5"}],"replies":[{"embeddable":true,"href":"https:\/\/salonupload.com\/dzm\/wp-json\/wp\/v2\/comments?post=6207"}],"version-history":[{"count":1,"href":"https:\/\/salonupload.com\/dzm\/wp-json\/wp\/v2\/posts\/6207\/revisions"}],"predecessor-version":[{"id":6209,"href":"https:\/\/salonupload.com\/dzm\/wp-json\/wp\/v2\/posts\/6207\/revisions\/6209"}],"wp:featuredmedia":[{"embeddable":true,"href":"https:\/\/salonupload.com\/dzm\/wp-json\/wp\/v2\/media\/6208"}],"wp:attachment":[{"href":"https:\/\/salonupload.com\/dzm\/wp-json\/wp\/v2\/media?parent=6207"}],"wp:term":[{"taxonomy":"category","embeddable":true,"href":"https:\/\/salonupload.com\/dzm\/wp-json\/wp\/v2\/categories?post=6207"},{"taxonomy":"post_tag","embeddable":true,"href":"https:\/\/salonupload.com\/dzm\/wp-json\/wp\/v2\/tags?post=6207"}],"curies":[{"name":"wp","href":"https:\/\/api.w.org\/{rel}","templated":true}]}}