{"id":6223,"date":"2023-07-26T08:15:21","date_gmt":"2023-07-26T06:15:21","guid":{"rendered":"https:\/\/domzalezamlade.si\/?p=6223"},"modified":"2023-07-26T08:12:24","modified_gmt":"2023-07-26T06:12:24","slug":"prvi-vtis-2023-dogodek-za-vse-ki-jih-zanima-studij-raziskovanje-v-tujini","status":"publish","type":"post","link":"https:\/\/salonupload.com\/dzm\/novica\/prvi-vtis-2023-dogodek-za-vse-ki-jih-zanima-studij-raziskovanje-v-tujini\/","title":{"rendered":"Prvi VTIS 2023: Dogodek za vse, ki jih zanima \u0161tudij\/raziskovanje v tujini!"},"content":{"rendered":"<p class=\"lead text-16\">Se v akademskem letu 2023\/24 prvi\u010d odpravljate na \u0161tudij ali raziskovanje v tujino? Dru\u0161tvo VTIS v sodelovanju s skladom za vas v \u010detrtek, 10. avgusta 2023 ob 17.30 pripravlja dogodek, na katerem boste imeli prilo\u017enost za medsebojno spoznavanje in mre\u017eenje, pridru\u017eili pa se bodo tudi slovenski alumniji tujih univerz.<\/p>\n<div class=\"article-content\">\n<p>V sklopu\u00a0<strong><a href=\"https:\/\/www.drustvovtis.si\/si\/koledar\/prvivtis2023\" target=\"_blank\" rel=\"noopener\" data-cke-saved-href=\"https:\/\/www.drustvovtis.si\/si\/koledar\/prvivtis2023\"><span style=\"color: #008080\">dogodka <\/span><\/a><\/strong>bo potekala okrogla miza, na kateri bodo \u010dlanice in \u010dlani Dru\u0161tva VTIS predstavili svoje izku\u0161nje z odhodom na \u0161tudij in delo v tujino (razli\u010dne dr\u017eave), ter podali nasvete in informacije o selitvi in \u017eivljenju v tujih dr\u017eavah iz prve roke. Po okrogli mizi bo predstavitev podjetja Better, sledilo bo dru\u017eenje in pogostitev.<\/p>\n<\/div>\n<p>&nbsp;<\/p>\n<p><strong>KJE:\u00a0<\/strong>Lokacija dogodka:\u00a0<a href=\"https:\/\/goo.gl\/maps\/uFPf7JVg71WP2v5s9\" target=\"_blank\" rel=\"noopener noreferrer\">Dunajska cesta 22<\/a>, velika dvorana v pritli\u010dju levo.<\/p>\n<p><strong>KDAJ:\u00a0<span style=\"color: #ff0000\">10. 8. 2023 ob 17.30 uri<\/span><\/strong><\/p>\n<p>Ve\u010d info najde\u0161 <span style=\"color: #008080\"><strong><a style=\"color: #008080\" href=\"https:\/\/www.srips-rs.si\/sklad\/novice\/dogodek\/10-8-2023-prvi-vtis-2023-vse-o-studiju-raziskovanju-v-tujini\" target=\"_blank\" rel=\"noopener\">TUKAJ<\/a><\/strong><\/span><\/p>\n<p><em>Vir : Javni \u0161tipendijski razvojni invalidski in pre\u017eivninski sklad republike slovenije<\/em><\/p>\n","protected":false},"excerpt":{"rendered":"<p>Se v akademskem letu 2023\/24 prvi\u010d odpravljate na \u0161tudij ali raziskovanje v tujino? Dru\u0161tvo VTIS v sodelovanju s skladom za vas v \u010detrtek, 10. avgusta 2023 ob 17.30 pripravlja dogodek, na katerem boste imeli prilo\u017enost za medsebojno spoznavanje in mre\u017eenje, pridru\u017eili pa se bodo tudi slovenski alumniji tujih univerz. V sklopu\u00a0dogodka bo potekala okrogla miza, [&hellip;]<\/p>\n","protected":false},"author":6,"featured_media":6224,"comment_status":"closed","ping_status":"closed","sticky":false,"template":"","format":"standard","meta":{"_acf_changed":false,"_monsterinsights_skip_tracking":false,"_monsterinsights_sitenote_active":false,"_monsterinsights_sitenote_note":"","_monsterinsights_sitenote_category":0,"footnotes":""},"categories":[1],"tags":[],"class_list":["post-6223","post","type-post","status-publish","format-standard","has-post-thumbnail","hentry","category-novice"],"acf":[],"_links":{"self":[{"href":"https:\/\/salonupload.com\/dzm\/wp-json\/wp\/v2\/posts\/6223","targetHints":{"allow":["GET"]}}],"collection":[{"href":"https:\/\/salonupload.com\/dzm\/wp-json\/wp\/v2\/posts"}],"about":[{"href":"https:\/\/salonupload.com\/dzm\/wp-json\/wp\/v2\/types\/post"}],"author":[{"embeddable":true,"href":"https:\/\/salonupload.com\/dzm\/wp-json\/wp\/v2\/users\/6"}],"replies":[{"embeddable":true,"href":"https:\/\/salonupload.com\/dzm\/wp-json\/wp\/v2\/comments?post=6223"}],"version-history":[{"count":1,"href":"https:\/\/salonupload.com\/dzm\/wp-json\/wp\/v2\/posts\/6223\/revisions"}],"predecessor-version":[{"id":6225,"href":"https:\/\/salonupload.com\/dzm\/wp-json\/wp\/v2\/posts\/6223\/revisions\/6225"}],"wp:featuredmedia":[{"embeddable":true,"href":"https:\/\/salonupload.com\/dzm\/wp-json\/wp\/v2\/media\/6224"}],"wp:attachment":[{"href":"https:\/\/salonupload.com\/dzm\/wp-json\/wp\/v2\/media?parent=6223"}],"wp:term":[{"taxonomy":"category","embeddable":true,"href":"https:\/\/salonupload.com\/dzm\/wp-json\/wp\/v2\/categories?post=6223"},{"taxonomy":"post_tag","embeddable":true,"href":"https:\/\/salonupload.com\/dzm\/wp-json\/wp\/v2\/tags?post=6223"}],"curies":[{"name":"wp","href":"https:\/\/api.w.org\/{rel}","templated":true}]}}