{"id":6240,"date":"2023-08-04T09:03:31","date_gmt":"2023-08-04T07:03:31","guid":{"rendered":"https:\/\/domzalezamlade.si\/?p=6240"},"modified":"2023-08-04T09:03:31","modified_gmt":"2023-08-04T07:03:31","slug":"postani-ambasador-evropskega-mladinskega-dialoga","status":"publish","type":"post","link":"https:\/\/salonupload.com\/dzm\/novica\/postani-ambasador-evropskega-mladinskega-dialoga\/","title":{"rendered":"Postani ambasador evropskega mladinskega dialoga!"},"content":{"rendered":"<p>Sodeluj v posvetovanjih mladih z odlo\u010devalci na vseh ravneh, prispevaj k prepoznavnosti tega evropskega mehanizma (zlasti na dru\u017ebenih omre\u017ejih), pomagaj sooblikovati mladinsko politiko in se udele\u017ei Evropskih mladinskih konferenc (oktober 2023 \u2013 \u0160panija, januar 2024 \u2013 Belgija, poletje 2024 \u2013 Mad\u017earska)!<\/p>\n<p>V Mladinskem svetu Slovenije i\u0161\u010demo mlade prostovoljce, ki bi v naslednjih 18 mesecih postali\u00a0<b>ambasadorji X. cikla EU mladinskega dialoga.\u00a0<\/b>Mladinski dialog je evropski mehanizem, ki omogo\u010da skupno razmi\u0161ljanje in posvetovanje med mladimi in odlo\u010devalci o mladinskih politikah na lokalni, regionalni in evropski ravni. Poteka v 18-mese\u010dnih ciklih, ki sovpadajo z predsedovanji dr\u017eav Svetu EU, ambasadorji mladinskega dialoga pa so skupina mladih, ki delujejo kot most med mladimi v Sloveniji in mladinskim dialogom kot evropskim mehanizmom.<\/p>\n<p>&nbsp;<\/p>\n<p><b>Ambasadorji bodo imeli krite potne stro\u0161ke na vse slovenske dogodke ter krite potne stro\u0161ke in bivanje na Evropskih mladinskih konferencah.<\/b><\/p>\n<p>Prijavi\u0161 se lahko <b>do 31. 7. 2023.<\/b><\/p>\n<p>&nbsp;<\/p>\n<p>Ve\u010d info <span style=\"color: #008080\"><strong><a style=\"color: #008080\" href=\"https:\/\/mss.si\/novice\/postani-ambasador-evropskega-mladinskega-dialoga\/\" target=\"_blank\" rel=\"noopener\">TUKAJ.<\/a><\/strong><\/span><\/p>\n<p><em>Vir: Mladinski svet Slovenije<\/em><\/p>\n","protected":false},"excerpt":{"rendered":"<p>Sodeluj v posvetovanjih mladih z odlo\u010devalci na vseh ravneh, prispevaj k prepoznavnosti tega evropskega mehanizma (zlasti na dru\u017ebenih omre\u017ejih), pomagaj sooblikovati mladinsko politiko in se udele\u017ei Evropskih mladinskih konferenc (oktober 2023 \u2013 \u0160panija, januar 2024 \u2013 Belgija, poletje 2024 \u2013 Mad\u017earska)! V Mladinskem svetu Slovenije i\u0161\u010demo mlade prostovoljce, ki bi v naslednjih 18 mesecih postali\u00a0ambasadorji [&hellip;]<\/p>\n","protected":false},"author":6,"featured_media":6241,"comment_status":"closed","ping_status":"closed","sticky":false,"template":"","format":"standard","meta":{"_acf_changed":false,"_monsterinsights_skip_tracking":false,"_monsterinsights_sitenote_active":false,"_monsterinsights_sitenote_note":"","_monsterinsights_sitenote_category":0,"footnotes":""},"categories":[19,1,650],"tags":[],"class_list":["post-6240","post","type-post","status-publish","format-standard","has-post-thumbnail","hentry","category-mednarodno","category-novice","category-razpisi-natecaji"],"acf":[],"_links":{"self":[{"href":"https:\/\/salonupload.com\/dzm\/wp-json\/wp\/v2\/posts\/6240","targetHints":{"allow":["GET"]}}],"collection":[{"href":"https:\/\/salonupload.com\/dzm\/wp-json\/wp\/v2\/posts"}],"about":[{"href":"https:\/\/salonupload.com\/dzm\/wp-json\/wp\/v2\/types\/post"}],"author":[{"embeddable":true,"href":"https:\/\/salonupload.com\/dzm\/wp-json\/wp\/v2\/users\/6"}],"replies":[{"embeddable":true,"href":"https:\/\/salonupload.com\/dzm\/wp-json\/wp\/v2\/comments?post=6240"}],"version-history":[{"count":1,"href":"https:\/\/salonupload.com\/dzm\/wp-json\/wp\/v2\/posts\/6240\/revisions"}],"predecessor-version":[{"id":6242,"href":"https:\/\/salonupload.com\/dzm\/wp-json\/wp\/v2\/posts\/6240\/revisions\/6242"}],"wp:featuredmedia":[{"embeddable":true,"href":"https:\/\/salonupload.com\/dzm\/wp-json\/wp\/v2\/media\/6241"}],"wp:attachment":[{"href":"https:\/\/salonupload.com\/dzm\/wp-json\/wp\/v2\/media?parent=6240"}],"wp:term":[{"taxonomy":"category","embeddable":true,"href":"https:\/\/salonupload.com\/dzm\/wp-json\/wp\/v2\/categories?post=6240"},{"taxonomy":"post_tag","embeddable":true,"href":"https:\/\/salonupload.com\/dzm\/wp-json\/wp\/v2\/tags?post=6240"}],"curies":[{"name":"wp","href":"https:\/\/api.w.org\/{rel}","templated":true}]}}